{"id":696,"date":"2025-09-30T21:16:06","date_gmt":"2025-09-30T19:16:06","guid":{"rendered":"https:\/\/maam.gob.ar\/?p=696"},"modified":"2025-09-30T21:16:06","modified_gmt":"2025-09-30T19:16:06","slug":"2-sesion-del-ciclo-de-conversatorios-voces-del-patrimonio-dialogos-sobre-lo-inmaterial-con-el-tema-resistencia-y-transmision-el-papel-de-la-mujer-indigena-en-el-patrimonio-cultural-inmateri","status":"publish","type":"post","link":"https:\/\/maam.gob.ar\/en\/2-sesion-del-ciclo-de-conversatorios-voces-del-patrimonio-dialogos-sobre-lo-inmaterial-con-el-tema-resistencia-y-transmision-el-papel-de-la-mujer-indigena-en-el-patrimonio-cultural-inmateri\/","title":{"rendered":"(Espa\u00f1ol) 2\u00b0 sesi\u00f3n del ciclo de conversatorios &#8220;Voces del patrimonio. Di\u00e1logos sobre lo inmaterial, con el tema Resistencia y transmisi\u00f3n: el papel de la mujer ind\u00edgena en el Patrimonio Cultural Inmaterial&#8221;"},"content":{"rendered":"<p class=\"qtranxs-available-languages-message qtranxs-available-languages-message-en\">Sorry, this entry is only available in <a href=\"https:\/\/maam.gob.ar\/es\/wp-json\/wp\/v2\/posts\/696\" class=\"qtranxs-available-language-link qtranxs-available-language-link-es\" title=\"Espa\u00f1ol\">Espa\u00f1ol<\/a>.<\/p>","protected":false},"excerpt":{"rendered":"<p>Sorry, this entry is only available in Espa\u00f1ol.<\/p>\n","protected":false},"author":2,"featured_media":0,"comment_status":"open","ping_status":"open","sticky":false,"template":"","format":"standard","meta":{"_acf_changed":false,"footnotes":""},"categories":[1],"tags":[],"class_list":["post-696","post","type-post","status-publish","format-standard","hentry","category-sin-categoria"],"acf":[],"_links":{"self":[{"href":"https:\/\/maam.gob.ar\/en\/wp-json\/wp\/v2\/posts\/696","targetHints":{"allow":["GET"]}}],"collection":[{"href":"https:\/\/maam.gob.ar\/en\/wp-json\/wp\/v2\/posts"}],"about":[{"href":"https:\/\/maam.gob.ar\/en\/wp-json\/wp\/v2\/types\/post"}],"author":[{"embeddable":true,"href":"https:\/\/maam.gob.ar\/en\/wp-json\/wp\/v2\/users\/2"}],"replies":[{"embeddable":true,"href":"https:\/\/maam.gob.ar\/en\/wp-json\/wp\/v2\/comments?post=696"}],"version-history":[{"count":1,"href":"https:\/\/maam.gob.ar\/en\/wp-json\/wp\/v2\/posts\/696\/revisions"}],"predecessor-version":[{"id":697,"href":"https:\/\/maam.gob.ar\/en\/wp-json\/wp\/v2\/posts\/696\/revisions\/697"}],"wp:attachment":[{"href":"https:\/\/maam.gob.ar\/en\/wp-json\/wp\/v2\/media?parent=696"}],"wp:term":[{"taxonomy":"category","embeddable":true,"href":"https:\/\/maam.gob.ar\/en\/wp-json\/wp\/v2\/categories?post=696"},{"taxonomy":"post_tag","embeddable":true,"href":"https:\/\/maam.gob.ar\/en\/wp-json\/wp\/v2\/tags?post=696"}],"curies":[{"name":"wp","href":"https:\/\/api.w.org\/{rel}","templated":true}]}}